{"id":2806,"date":"2023-06-15T12:47:11","date_gmt":"2023-06-15T10:47:11","guid":{"rendered":"https:\/\/selektro.eu\/?p=2806"},"modified":"2024-05-23T15:32:21","modified_gmt":"2024-05-23T13:32:21","slug":"apprentices-and-trainees-are-important-to-selektro","status":"publish","type":"post","link":"http:\/\/selektro.dk\/de\/auszubildende-und-praktikanten-sind-fur-selektro-wichtig\/","title":{"rendered":"AUSZUBILDENDE UND PRAKTIKANTEN SIND F\u00dcR SELEKTRO WICHTIG"},"content":{"rendered":"<div class=\"fusion-fullwidth fullwidth-box fusion-builder-row-1 fusion-flex-container nonhundred-percent-fullwidth non-hundred-percent-height-scrolling\" style=\"--awb-border-radius-top-left:0px;--awb-border-radius-top-right:0px;--awb-border-radius-bottom-right:0px;--awb-border-radius-bottom-left:0px;--awb-flex-wrap:wrap;\" ><div class=\"fusion-builder-row fusion-row fusion-flex-align-items-flex-start fusion-flex-justify-content-center fusion-flex-content-wrap\" style=\"max-width:1248px;margin-left: calc(-4% \/ 2 );margin-right: calc(-4% \/ 2 );\"><div class=\"fusion-layout-column fusion_builder_column fusion-builder-column-0 fusion_builder_column_1_1 1_1 fusion-flex-column\" style=\"--awb-bg-size:cover;--awb-width-large:100%;--awb-margin-top-large:0px;--awb-spacing-right-large:1.92%;--awb-margin-bottom-large:0px;--awb-spacing-left-large:1.92%;--awb-width-medium:100%;--awb-order-medium:0;--awb-spacing-right-medium:1.92%;--awb-spacing-left-medium:1.92%;--awb-width-small:100%;--awb-order-small:0;--awb-spacing-right-small:1.92%;--awb-spacing-left-small:1.92%;\"><div class=\"fusion-column-wrapper fusion-column-has-shadow fusion-flex-justify-content-flex-start fusion-content-layout-column\"><div class=\"fusion-title title fusion-title-1 fusion-sep-none fusion-title-text fusion-title-size-four\" style=\"--awb-margin-bottom:30px;\"><h4 class=\"fusion-title-heading title-heading-left\" style=\"margin:0;\">Studenten und Auszubildende bei Selektro A\/S<\/h4><\/div><div class=\"fusion-text fusion-text-1\"><p>Bei Selektro A\/S arbeiten wir gerne mit Studenten und Auszubildenden zusammen, da sie ein wichtiger Teil der DNA des Unternehmens sind und f\u00fcr Dynamik und Inspiration in jedem Unternehmen sorgen.<\/p>\n<p>Als soziale Verantwortung tr\u00e4gt Selektro dazu bei, junge und talentierte Menschen in den Arbeitsmarkt zu bringen, und wir \u00fcbernehmen auch Verantwortung f\u00fcr die Ausbildung unserer zuk\u00fcnftigen Mitarbeiter, da wir sonst Gefahr laufen, dass uns in Zukunft die guten Fachkr\u00e4fte ausgehen.<\/p>\n<p>Die Elektronikindustrie kann im Allgemeinen eine gute Karriere mit spannenden Besch\u00e4ftigungsm\u00f6glichkeiten bieten, bei der Arbeitnehmer, die eine Ausbildung oder ein Traineeprogramm absolviert haben, eine starke Basis haben, bei der sie sich durch ein Praktikum einen Wettbewerbsvorteil verschaffen k\u00f6nnen.<\/p>\n<\/div><div class=\"fusion-image-element awb-imageframe-style awb-imageframe-style-below awb-imageframe-style-1\" style=\"text-align:center;--awb-margin-top:50px;--awb-margin-bottom:30px;--awb-caption-text-size:var(--awb-typography5-font-size);--awb-caption-text-transform:var(--awb-typography5-text-transform);--awb-caption-text-line-height:var(--awb-typography5-line-height);--awb-caption-text-letter-spacing:var(--awb-typography5-letter-spacing);--awb-caption-margin-top:20px;--awb-caption-margin-bottom:40px;--awb-caption-title-font-family:var(--awb-typography5-font-family);--awb-caption-title-font-weight:var(--awb-typography5-font-weight);--awb-caption-title-font-style:var(--awb-typography5-font-style);--awb-caption-title-size:var(--awb-typography5-font-size);--awb-caption-title-transform:var(--awb-typography5-text-transform);--awb-caption-title-line-height:var(--awb-typography5-line-height);--awb-caption-title-letter-spacing:var(--awb-typography5-letter-spacing);--awb-caption-text-font-family:var(--awb-typography5-font-family);--awb-caption-text-font-weight:var(--awb-typography5-font-weight);--awb-caption-text-font-style:var(--awb-typography5-font-style);\"><span class=\"fusion-imageframe imageframe-none imageframe-1 hover-type-none\"><img decoding=\"async\" width=\"2560\" height=\"1708\" alt=\"Person in a meeting\" title=\"Selektro_24_03_20241388\" src=\"https:\/\/selektro.dk\/wp-content\/uploads\/2023\/08\/Selektro_24_03_20241388-scaled.jpg\" class=\"img-responsive wp-image-2815\" srcset=\"https:\/\/selektro.dk\/wp-content\/uploads\/2023\/08\/Selektro_24_03_20241388-200x133.jpg 200w, https:\/\/selektro.dk\/wp-content\/uploads\/2023\/08\/Selektro_24_03_20241388-400x267.jpg 400w, https:\/\/selektro.dk\/wp-content\/uploads\/2023\/08\/Selektro_24_03_20241388-600x400.jpg 600w, https:\/\/selektro.dk\/wp-content\/uploads\/2023\/08\/Selektro_24_03_20241388-800x534.jpg 800w, https:\/\/selektro.dk\/wp-content\/uploads\/2023\/08\/Selektro_24_03_20241388-1200x800.jpg 1200w, https:\/\/selektro.dk\/wp-content\/uploads\/2023\/08\/Selektro_24_03_20241388-scaled.jpg 2560w\" sizes=\"(max-width: 700px) 100vw, 1200px\" \/><\/span><div class=\"awb-imageframe-caption-container\"><div class=\"awb-imageframe-caption\"><h2 class=\"awb-imageframe-caption-title\">Unser gro\u00dfartiges Team ist immer flei\u00dfig bei der Arbeit<\/h2><\/div><\/div><\/div><div class=\"fusion-title title fusion-title-2 fusion-sep-none fusion-title-text fusion-title-size-four\" style=\"--awb-margin-bottom:30px;\"><h4 class=\"fusion-title-heading title-heading-left\" style=\"margin:0;\">Was wir heute tun<\/h4><\/div><div class=\"fusion-text fusion-text-2 fusion-text-no-margin\" style=\"--awb-margin-bottom:40px;\"><p>Bei Selektro haben wir das Vergn\u00fcgen, viele talentierte Studenten und Auszubildende zu besch\u00e4ftigen. In der Verwaltung haben wir Emil als Auszubildenden f\u00fcr den Einkauf und Emilie als Auszubildende f\u00fcr die Verwaltung eingestellt. In der Produktion haben wir Julie und Pia als Elektroniker-Azubis und Jonas, Martin und Casper als Elektroniker-Azubis eingestellt.<\/p>\n<p>Unsere Studenten und Auszubildenden haben in ihrem Beruf stets hervorragende Leistungen erbracht, und das wollen wir bei Selektro nat\u00fcrlich feiern.<\/p>\n<\/div><div class=\"awb-gallery-wrapper awb-gallery-wrapper-1 button-span-no\" style=\"--more-btn-alignment:center;\"><div style=\"margin:-26px;--awb-aspect-ratio:1 \/ 1;--awb-bordersize:0px;\" class=\"fusion-gallery fusion-gallery-container fusion-grid-3 fusion-columns-total-3 fusion-gallery-layout-grid fusion-gallery-1 has-aspect-ratio\"><div style=\"padding:26px;\" class=\"fusion-grid-column fusion-gallery-column fusion-gallery-column-3 hover-type-none\"><div class=\"fusion-gallery-image\"><a href=\"https:\/\/selektro.dk\/wp-content\/uploads\/2023\/08\/Emil-Marhauer-scaled.jpg\" rel=\"noreferrer\" data-rel=\"iLightbox[gallery_image_1]\" class=\"fusion-lightbox\" target=\"_self\"><img decoding=\"async\" src=\"https:\/\/selektro.dk\/wp-content\/uploads\/2023\/08\/Emil-Marhauer-scaled.jpg\" width=\"1708\" height=\"2560\" alt=\"K\u00e4ufer\" title=\"Emil Marhauer\" aria-label=\"Emil Marhauer\" class=\"img-responsive wp-image-2701\" srcset=\"https:\/\/selektro.dk\/wp-content\/uploads\/2023\/08\/Emil-Marhauer-200x300.jpg 200w, https:\/\/selektro.dk\/wp-content\/uploads\/2023\/08\/Emil-Marhauer-400x600.jpg 400w, https:\/\/selektro.dk\/wp-content\/uploads\/2023\/08\/Emil-Marhauer-600x900.jpg 600w, https:\/\/selektro.dk\/wp-content\/uploads\/2023\/08\/Emil-Marhauer-800x1199.jpg 800w, https:\/\/selektro.dk\/wp-content\/uploads\/2023\/08\/Emil-Marhauer-1200x1799.jpg 1200w, https:\/\/selektro.dk\/wp-content\/uploads\/2023\/08\/Emil-Marhauer-scaled.jpg 1708w\" sizes=\"(min-width: 2200px) 100vw, (min-width: 784px) 383px, (min-width: 712px) 574px, (min-width: 640px) 712px, \" \/><\/a><\/div><\/div><div style=\"padding:26px;\" class=\"fusion-grid-column fusion-gallery-column fusion-gallery-column-3 hover-type-none\"><div class=\"fusion-gallery-image\"><a href=\"https:\/\/selektro.dk\/wp-content\/uploads\/2023\/08\/Emilie-Thea-scaled.jpg\" rel=\"noreferrer\" data-rel=\"iLightbox[gallery_image_1]\" class=\"fusion-lightbox\" target=\"_self\"><img decoding=\"async\" src=\"https:\/\/selektro.dk\/wp-content\/uploads\/2023\/08\/Emilie-Thea-scaled.jpg\" width=\"1708\" height=\"2560\" alt=\"\" title=\"Emilie Thea\" aria-label=\"Emilie Thea\" class=\"img-responsive wp-image-2816\" srcset=\"https:\/\/selektro.dk\/wp-content\/uploads\/2023\/08\/Emilie-Thea-200x300.jpg 200w, https:\/\/selektro.dk\/wp-content\/uploads\/2023\/08\/Emilie-Thea-400x600.jpg 400w, https:\/\/selektro.dk\/wp-content\/uploads\/2023\/08\/Emilie-Thea-600x900.jpg 600w, https:\/\/selektro.dk\/wp-content\/uploads\/2023\/08\/Emilie-Thea-800x1199.jpg 800w, https:\/\/selektro.dk\/wp-content\/uploads\/2023\/08\/Emilie-Thea-1200x1799.jpg 1200w, https:\/\/selektro.dk\/wp-content\/uploads\/2023\/08\/Emilie-Thea-scaled.jpg 1708w\" sizes=\"(min-width: 2200px) 100vw, (min-width: 784px) 383px, (min-width: 712px) 574px, (min-width: 640px) 712px, \" \/><\/a><\/div><\/div><div style=\"padding:26px;\" class=\"fusion-grid-column fusion-gallery-column fusion-gallery-column-3 hover-type-none\"><div class=\"fusion-gallery-image\"><a href=\"https:\/\/selektro.dk\/wp-content\/uploads\/2023\/08\/Selektro-04-scaled.jpg\" rel=\"noreferrer\" data-rel=\"iLightbox[gallery_image_1]\" class=\"fusion-lightbox\" target=\"_self\"><img decoding=\"async\" src=\"https:\/\/selektro.dk\/wp-content\/uploads\/2023\/08\/Selektro-04-scaled.jpg\" width=\"2560\" height=\"1707\" alt=\"Coworkers talk and sitting at the table\" title=\"Selektro 04\" aria-label=\"Selektro 04\" class=\"img-responsive wp-image-2280\" srcset=\"https:\/\/selektro.dk\/wp-content\/uploads\/2023\/08\/Selektro-04-200x133.jpg 200w, https:\/\/selektro.dk\/wp-content\/uploads\/2023\/08\/Selektro-04-400x267.jpg 400w, https:\/\/selektro.dk\/wp-content\/uploads\/2023\/08\/Selektro-04-600x400.jpg 600w, https:\/\/selektro.dk\/wp-content\/uploads\/2023\/08\/Selektro-04-800x533.jpg 800w, https:\/\/selektro.dk\/wp-content\/uploads\/2023\/08\/Selektro-04-1200x800.jpg 1200w, https:\/\/selektro.dk\/wp-content\/uploads\/2023\/08\/Selektro-04-scaled.jpg 2560w\" sizes=\"(min-width: 2200px) 100vw, (min-width: 784px) 383px, (min-width: 712px) 574px, (min-width: 640px) 712px, \" \/><\/a><\/div><\/div><div class=\"clearfix\"><\/div><\/div><\/div><\/div><\/div><\/div><\/div>","protected":false},"excerpt":{"rendered":"<p>Wir investieren in unsere Mitarbeiter<\/p>","protected":false},"author":2,"featured_media":2814,"comment_status":"open","ping_status":"open","sticky":false,"template":"","format":"standard","meta":{"footnotes":""},"categories":[2],"tags":[],"class_list":["post-2806","post","type-post","status-publish","format-standard","has-post-thumbnail","hentry","category-business"],"yoast_head":"<!-- This site is optimized with the Yoast SEO Premium plugin v26.6 (Yoast SEO v26.6) - https:\/\/yoast.com\/wordpress\/plugins\/seo\/ -->\n<title>Selektro A\/S Empowers Apprentices and Students - Selektro<\/title>\n<meta name=\"description\" content=\"Selektro has a strong focus on social responsibility, giving back to younger generations and inspiring the future work force. Take the first steps towards getting into the electronics industry with practical learning and gain skills for a successful career. Together with Emil and Emilie, be a part of the selektro team!\" \/>\n<meta name=\"robots\" content=\"index, follow, max-snippet:-1, max-image-preview:large, max-video-preview:-1\" \/>\n<link rel=\"canonical\" href=\"https:\/\/selektro.dk\/de\/blog\/2023\/06\/15\/laerlinge-og-praktikanter-er-vigtige-for-selektro\/\" \/>\n<meta property=\"og:locale\" content=\"de_DE\" \/>\n<meta property=\"og:type\" content=\"article\" \/>\n<meta property=\"og:title\" content=\"APPRENTICES AND TRAINEES ARE IMPORTANT TO SELEKTRO\" \/>\n<meta property=\"og:description\" content=\"Selektro has a strong focus on social responsibility, giving back to younger generations and inspiring the future work force. Take the first steps towards getting into the electronics industry with practical learning and gain skills for a successful career. Together with Emil and Emilie, be a part of the selektro team!\" \/>\n<meta property=\"og:url\" content=\"https:\/\/selektro.dk\/de\/blog\/2023\/06\/15\/laerlinge-og-praktikanter-er-vigtige-for-selektro\/\" \/>\n<meta property=\"og:site_name\" content=\"Selektro\" \/>\n<meta property=\"article:published_time\" content=\"2023-06-15T10:47:11+00:00\" \/>\n<meta property=\"article:modified_time\" content=\"2024-05-23T13:32:21+00:00\" \/>\n<meta property=\"og:image\" content=\"https:\/\/selektro.dk\/wp-content\/uploads\/2023\/08\/1668004485816.jpg\" \/>\n\t<meta property=\"og:image:width\" content=\"800\" \/>\n\t<meta property=\"og:image:height\" content=\"670\" \/>\n\t<meta property=\"og:image:type\" content=\"image\/jpeg\" \/>\n<meta name=\"author\" content=\"Lea Bartholom\u00e6ussen\" \/>\n<meta name=\"twitter:card\" content=\"summary_large_image\" \/>\n<meta name=\"twitter:label1\" content=\"Verfasst von\" \/>\n\t<meta name=\"twitter:data1\" content=\"Lea Bartholom\u00e6ussen\" \/>\n\t<meta name=\"twitter:label2\" content=\"Gesch\u00e4tzte Lesezeit\" \/>\n\t<meta name=\"twitter:data2\" content=\"2\u00a0Minuten\" \/>\n<script type=\"application\/ld+json\" class=\"yoast-schema-graph\">{\"@context\":\"https:\/\/schema.org\",\"@graph\":[{\"@type\":\"WebPage\",\"@id\":\"https:\/\/selektro.dk\/en\/apprentices-and-trainees-are-important-to-selektro\/\",\"url\":\"https:\/\/selektro.dk\/da\/blog\/2023\/06\/15\/laerlinge-og-praktikanter-er-vigtige-for-selektro\/\",\"name\":\"Selektro A\/S Empowers Apprentices and Students - Selektro\",\"isPartOf\":{\"@id\":\"https:\/\/selektro.dk\/da\/#website\"},\"primaryImageOfPage\":{\"@id\":\"https:\/\/selektro.dk\/da\/blog\/2023\/06\/15\/laerlinge-og-praktikanter-er-vigtige-for-selektro\/#primaryimage\"},\"image\":{\"@id\":\"https:\/\/selektro.dk\/da\/blog\/2023\/06\/15\/laerlinge-og-praktikanter-er-vigtige-for-selektro\/#primaryimage\"},\"thumbnailUrl\":\"https:\/\/selektro.dk\/wp-content\/uploads\/2023\/08\/1668004485816.jpg\",\"datePublished\":\"2023-06-15T10:47:11+00:00\",\"dateModified\":\"2024-05-23T13:32:21+00:00\",\"author\":{\"@id\":\"https:\/\/selektro.dk\/da\/#\/schema\/person\/153f4d365f51c253288f0577509d5a02\"},\"description\":\"Selektro has a strong focus on social responsibility, giving back to younger generations and inspiring the future work force. Take the first steps towards getting into the electronics industry with practical learning and gain skills for a successful career. Together with Emil and Emilie, be a part of the selektro team!\",\"breadcrumb\":{\"@id\":\"https:\/\/selektro.dk\/da\/blog\/2023\/06\/15\/laerlinge-og-praktikanter-er-vigtige-for-selektro\/#breadcrumb\"},\"inLanguage\":\"de\",\"potentialAction\":[{\"@type\":\"ReadAction\",\"target\":[\"https:\/\/selektro.dk\/da\/blog\/2023\/06\/15\/laerlinge-og-praktikanter-er-vigtige-for-selektro\/\"]}]},{\"@type\":\"ImageObject\",\"inLanguage\":\"de\",\"@id\":\"https:\/\/selektro.dk\/da\/blog\/2023\/06\/15\/laerlinge-og-praktikanter-er-vigtige-for-selektro\/#primaryimage\",\"url\":\"https:\/\/selektro.dk\/wp-content\/uploads\/2023\/08\/1668004485816.jpg\",\"contentUrl\":\"https:\/\/selektro.dk\/wp-content\/uploads\/2023\/08\/1668004485816.jpg\",\"width\":800,\"height\":670,\"caption\":\"Selektro flag\"},{\"@type\":\"BreadcrumbList\",\"@id\":\"https:\/\/selektro.dk\/da\/blog\/2023\/06\/15\/laerlinge-og-praktikanter-er-vigtige-for-selektro\/#breadcrumb\",\"itemListElement\":[{\"@type\":\"ListItem\",\"position\":1,\"name\":\"Home\",\"item\":\"https:\/\/selektro.dk\/da\/\"},{\"@type\":\"ListItem\",\"position\":2,\"name\":\"APPRENTICES AND TRAINEES ARE IMPORTANT TO SELEKTRO\"}]},{\"@type\":\"WebSite\",\"@id\":\"https:\/\/selektro.dk\/da\/#website\",\"url\":\"https:\/\/selektro.dk\/da\/\",\"name\":\"Selektro\",\"description\":\"\",\"potentialAction\":[{\"@type\":\"SearchAction\",\"target\":{\"@type\":\"EntryPoint\",\"urlTemplate\":\"https:\/\/selektro.dk\/da\/?s={search_term_string}\"},\"query-input\":{\"@type\":\"PropertyValueSpecification\",\"valueRequired\":true,\"valueName\":\"search_term_string\"}}],\"inLanguage\":\"de\"},{\"@type\":\"Person\",\"@id\":\"https:\/\/selektro.dk\/da\/#\/schema\/person\/153f4d365f51c253288f0577509d5a02\",\"name\":\"Lea Bartholom\u00e6ussen\",\"image\":{\"@type\":\"ImageObject\",\"inLanguage\":\"de\",\"@id\":\"https:\/\/selektro.dk\/da\/#\/schema\/person\/image\/\",\"url\":\"https:\/\/selektro.dk\/wp-content\/litespeed\/avatar\/12c76c3ba4b21a998b42874ce8fede38.jpg?ver=1777450926\",\"contentUrl\":\"https:\/\/selektro.dk\/wp-content\/litespeed\/avatar\/12c76c3ba4b21a998b42874ce8fede38.jpg?ver=1777450926\",\"caption\":\"Lea Bartholom\u00e6ussen\"},\"url\":\"http:\/\/selektro.dk\/de\/author\/lbaselektro-dk\/\"}]}<\/script>\n<!-- \/ Yoast SEO Premium plugin. -->","yoast_head_json":{"title":"Selektro A\/S st\u00e4rkt Auszubildende und Studenten - Selektro","description":"Selektro hat einen starken Fokus auf soziale Verantwortung, gibt j\u00fcngeren Generationen etwas zur\u00fcck und inspiriert die zuk\u00fcnftigen Arbeitskr\u00e4fte. Machen Sie die ersten Schritte zum Einstieg in die Elektronikbranche mit praktischem Lernen und erwerben Sie F\u00e4higkeiten f\u00fcr eine erfolgreiche Karriere. Werden Sie gemeinsam mit Emil und Emilie Teil des Selektro-Teams!","robots":{"index":"index","follow":"follow","max-snippet":"max-snippet:-1","max-image-preview":"max-image-preview:large","max-video-preview":"max-video-preview:-1"},"canonical":"https:\/\/selektro.dk\/de\/blog\/2023\/06\/15\/laerlinge-og-praktikanter-er-vigtige-for-selektro\/","og_locale":"de_DE","og_type":"article","og_title":"APPRENTICES AND TRAINEES ARE IMPORTANT TO SELEKTRO","og_description":"Selektro has a strong focus on social responsibility, giving back to younger generations and inspiring the future work force. Take the first steps towards getting into the electronics industry with practical learning and gain skills for a successful career. Together with Emil and Emilie, be a part of the selektro team!","og_url":"https:\/\/selektro.dk\/de\/blog\/2023\/06\/15\/laerlinge-og-praktikanter-er-vigtige-for-selektro\/","og_site_name":"Selektro","article_published_time":"2023-06-15T10:47:11+00:00","article_modified_time":"2024-05-23T13:32:21+00:00","og_image":[{"width":800,"height":670,"url":"https:\/\/selektro.dk\/wp-content\/uploads\/2023\/08\/1668004485816.jpg","type":"image\/jpeg"}],"author":"Lea Bartholom\u00e6ussen","twitter_card":"summary_large_image","twitter_misc":{"Verfasst von":"Lea Bartholom\u00e6ussen","Gesch\u00e4tzte Lesezeit":"2\u00a0Minuten"},"schema":{"@context":"https:\/\/schema.org","@graph":[{"@type":"WebPage","@id":"https:\/\/selektro.dk\/en\/apprentices-and-trainees-are-important-to-selektro\/","url":"https:\/\/selektro.dk\/da\/blog\/2023\/06\/15\/laerlinge-og-praktikanter-er-vigtige-for-selektro\/","name":"Selektro A\/S st\u00e4rkt Auszubildende und Studenten - Selektro","isPartOf":{"@id":"https:\/\/selektro.dk\/da\/#website"},"primaryImageOfPage":{"@id":"https:\/\/selektro.dk\/da\/blog\/2023\/06\/15\/laerlinge-og-praktikanter-er-vigtige-for-selektro\/#primaryimage"},"image":{"@id":"https:\/\/selektro.dk\/da\/blog\/2023\/06\/15\/laerlinge-og-praktikanter-er-vigtige-for-selektro\/#primaryimage"},"thumbnailUrl":"https:\/\/selektro.dk\/wp-content\/uploads\/2023\/08\/1668004485816.jpg","datePublished":"2023-06-15T10:47:11+00:00","dateModified":"2024-05-23T13:32:21+00:00","author":{"@id":"https:\/\/selektro.dk\/da\/#\/schema\/person\/153f4d365f51c253288f0577509d5a02"},"description":"Selektro hat einen starken Fokus auf soziale Verantwortung, gibt j\u00fcngeren Generationen etwas zur\u00fcck und inspiriert die zuk\u00fcnftigen Arbeitskr\u00e4fte. Machen Sie die ersten Schritte zum Einstieg in die Elektronikbranche mit praktischem Lernen und erwerben Sie F\u00e4higkeiten f\u00fcr eine erfolgreiche Karriere. Werden Sie gemeinsam mit Emil und Emilie Teil des Selektro-Teams!","breadcrumb":{"@id":"https:\/\/selektro.dk\/da\/blog\/2023\/06\/15\/laerlinge-og-praktikanter-er-vigtige-for-selektro\/#breadcrumb"},"inLanguage":"de","potentialAction":[{"@type":"ReadAction","target":["https:\/\/selektro.dk\/da\/blog\/2023\/06\/15\/laerlinge-og-praktikanter-er-vigtige-for-selektro\/"]}]},{"@type":"ImageObject","inLanguage":"de","@id":"https:\/\/selektro.dk\/da\/blog\/2023\/06\/15\/laerlinge-og-praktikanter-er-vigtige-for-selektro\/#primaryimage","url":"https:\/\/selektro.dk\/wp-content\/uploads\/2023\/08\/1668004485816.jpg","contentUrl":"https:\/\/selektro.dk\/wp-content\/uploads\/2023\/08\/1668004485816.jpg","width":800,"height":670,"caption":"Selektro flag"},{"@type":"BreadcrumbList","@id":"https:\/\/selektro.dk\/da\/blog\/2023\/06\/15\/laerlinge-og-praktikanter-er-vigtige-for-selektro\/#breadcrumb","itemListElement":[{"@type":"ListItem","position":1,"name":"Home","item":"https:\/\/selektro.dk\/da\/"},{"@type":"ListItem","position":2,"name":"APPRENTICES AND TRAINEES ARE IMPORTANT TO SELEKTRO"}]},{"@type":"WebSite","@id":"https:\/\/selektro.dk\/da\/#website","url":"https:\/\/selektro.dk\/da\/","name":"Selektro","description":"","potentialAction":[{"@type":"SearchAction","target":{"@type":"EntryPoint","urlTemplate":"https:\/\/selektro.dk\/da\/?s={search_term_string}"},"query-input":{"@type":"PropertyValueSpecification","valueRequired":true,"valueName":"search_term_string"}}],"inLanguage":"de"},{"@type":"Person","@id":"https:\/\/selektro.dk\/da\/#\/schema\/person\/153f4d365f51c253288f0577509d5a02","name":"Lea Bartholom\u00e6ussen","image":{"@type":"ImageObject","inLanguage":"de","@id":"https:\/\/selektro.dk\/da\/#\/schema\/person\/image\/","url":"https:\/\/selektro.dk\/wp-content\/litespeed\/avatar\/12c76c3ba4b21a998b42874ce8fede38.jpg?ver=1777450926","contentUrl":"https:\/\/selektro.dk\/wp-content\/litespeed\/avatar\/12c76c3ba4b21a998b42874ce8fede38.jpg?ver=1777450926","caption":"Lea Bartholom\u00e6ussen"},"url":"http:\/\/selektro.dk\/de\/author\/lbaselektro-dk\/"}]}},"_links":{"self":[{"href":"http:\/\/selektro.dk\/de\/wp-json\/wp\/v2\/posts\/2806","targetHints":{"allow":["GET"]}}],"collection":[{"href":"http:\/\/selektro.dk\/de\/wp-json\/wp\/v2\/posts"}],"about":[{"href":"http:\/\/selektro.dk\/de\/wp-json\/wp\/v2\/types\/post"}],"author":[{"embeddable":true,"href":"http:\/\/selektro.dk\/de\/wp-json\/wp\/v2\/users\/2"}],"replies":[{"embeddable":true,"href":"http:\/\/selektro.dk\/de\/wp-json\/wp\/v2\/comments?post=2806"}],"version-history":[{"count":2,"href":"http:\/\/selektro.dk\/de\/wp-json\/wp\/v2\/posts\/2806\/revisions"}],"predecessor-version":[{"id":3901,"href":"http:\/\/selektro.dk\/de\/wp-json\/wp\/v2\/posts\/2806\/revisions\/3901"}],"wp:featuredmedia":[{"embeddable":true,"href":"http:\/\/selektro.dk\/de\/wp-json\/wp\/v2\/media\/2814"}],"wp:attachment":[{"href":"http:\/\/selektro.dk\/de\/wp-json\/wp\/v2\/media?parent=2806"}],"wp:term":[{"taxonomy":"category","embeddable":true,"href":"http:\/\/selektro.dk\/de\/wp-json\/wp\/v2\/categories?post=2806"},{"taxonomy":"post_tag","embeddable":true,"href":"http:\/\/selektro.dk\/de\/wp-json\/wp\/v2\/tags?post=2806"}],"curies":[{"name":"wp","href":"https:\/\/api.w.org\/{rel}","templated":true}]}}